{"id":4273,"date":"2025-07-10T17:09:08","date_gmt":"2025-07-10T09:09:08","guid":{"rendered":"https:\/\/leaditop.com\/?p=4273"},"modified":"2025-07-11T11:32:02","modified_gmt":"2025-07-11T03:32:02","slug":"uma-lampada-do-crepusculo-ao-amanhecer-e-segura-para-uso-interno-aqui-esta-o-que-voce-precisa-saber","status":"publish","type":"post","link":"https:\/\/leaditop.com\/pt\/is-a-dusk-to-dawn-bulb-safe-for-indoor-use-heres-what-you-need-to-know\/","title":{"rendered":"Uma l\u00e2mpada crepuscular \u00e9 segura para uso interno? Aqui est\u00e1 o que voc\u00ea precisa saber"},"content":{"rendered":"<p>\u00c0 medida que mais propriet\u00e1rios e administradores de im\u00f3veis adotam a ilumina\u00e7\u00e3o automatizada, l\u00e2mpadas do crep\u00fasculo ao amanhecer, projetadas para acender \u00e0 noite e apagar ao nascer do sol, est\u00e3o se tornando uma op\u00e7\u00e3o popular. Mas ser\u00e1 seguro e pr\u00e1tico us\u00e1-las em ambientes internos?<\/p>\n\n\n\n<p>A resposta curta \u00e9: Sim, mas com condi\u00e7\u00f5es<strong>.<\/strong>&nbsp;Quando instaladas no ambiente certo, as l\u00e2mpadas crepusculares podem real\u00e7ar com seguran\u00e7a os espa\u00e7os internos. No entanto, o uso inadequado pode levar a problemas de desempenho, falhas prematuras ou at\u00e9 mesmo problemas de seguran\u00e7a. Abaixo, a Lead-Top, l\u00edder global em <strong>sensor de fotoc\u00e9lula<\/strong>&nbsp;tecnologia e controladores de luz inteligentes, fornece um guia completo para ajudar voc\u00ea a fazer a escolha certa.<\/p>\n\n\n\n<h2 class=\"wp-block-heading\"><a><\/a><strong>Quando \u00e9 seguro usar em ambientes internos<\/strong><strong><\/strong><\/h2>\n\n\n\n<p>UM <a href=\"https:\/\/leaditop.com\/pt\/product\/sensor-fotoeletrico-aprovado-pela-ul-luz-fotocelula-do-anoitecer-ao-amanhecer\/\" target=\"_blank\" rel=\"noreferrer noopener\"><u><mark style=\"background-color:rgba(0, 0, 0, 0)\" class=\"has-inline-color has-vivid-red-color\">do anoitecer ao amanhecer<\/mark><\/u><\/a>&nbsp;A l\u00e2mpada \u00e9 segura para uso interno, desde que condi\u00e7\u00f5es espec\u00edficas sejam atendidas. Isso ajuda a garantir que seus recursos de ilumina\u00e7\u00e3o inteligente funcionem corretamente.<\/p>\n\n\n\n<ol class=\"wp-block-list\">\n<li><strong>Certifica\u00e7\u00e3o de Seguran\u00e7a<\/strong><\/li>\n<\/ol>\n\n\n\n<p>A l\u00e2mpada selecionada deve ter certifica\u00e7\u00e3o UL, CE ou ETL, garantindo que a l\u00e2mpada atenda aos padr\u00f5es de seguran\u00e7a e desempenho de uma determinada regi\u00e3o. Sem apresentar riscos de inc\u00eandio ou choque, as l\u00e2mpadas certificadas para o crep\u00fasculo e o amanhecer s\u00e3o projetadas para lidar com condi\u00e7\u00f5es el\u00e9tricas internas normais.<\/p>\n\n\n\n<ul class=\"wp-block-list\">\n<li><strong>Tipo de fixa\u00e7\u00e3o adequado<\/strong><\/li>\n<\/ul>\n\n\n\n<p>A l\u00e2mpada deve ser instalada em um local ventilado e aberto. Isso \u00e9 dif\u00edcil porque as l\u00e2mpadas com ilumina\u00e7\u00e3o noturna possuem componentes integrados, como sensores fotoel\u00e9tricos e circuitos de comuta\u00e7\u00e3o inteligentes, que produzem calor. Lumin\u00e1rias abertas permitem a dissipa\u00e7\u00e3o do calor e reduzem o risco de superaquecimento, um fator essencial para manter a seguran\u00e7a e a vida \u00fatil da l\u00e2mpada.<\/p>\n\n\n\n<ul class=\"wp-block-list\">\n<li><strong>Sensor de fotoc\u00e9lula integrado<\/strong><\/li>\n<\/ul>\n\n\n\n<p>As l\u00e2mpadas modernas que iluminam do anoitecer ao amanhecer v\u00eam com um sensor fotoc\u00e9lula integrado, que detecta a luz ambiente e ent\u00e3o decide quando a l\u00e2mpada deve ligar ou desligar. Essa integra\u00e7\u00e3o garante uma ilumina\u00e7\u00e3o perfeita, sem a necessidade de fia\u00e7\u00e3o complexa.<\/p>\n\n\n\n<ul class=\"wp-block-list\">\n<li><strong>Localiza\u00e7\u00e3o com luz ambiente vari\u00e1vel<\/strong><\/li>\n<\/ul>\n\n\n\n<p>Para que uma l\u00e2mpada crepuscular funcione corretamente em ambientes internos, ela deve ser instalada onde as mudan\u00e7as na luz artificial do dia para a noite sejam percept\u00edveis. Locais ideais incluem:<\/p>\n\n\n\n<ul class=\"wp-block-list\">\n<li>Perto de janelas ou portas de vidro<\/li>\n\n\n\n<li>Pontos de entrada da garagem<\/li>\n\n\n\n<li>P\u00e1tios ou \u00e1trios internos<\/li>\n\n\n\n<li>P\u00e1tios fechados com acesso \u00e0 luz<\/li>\n<\/ul>\n\n\n\n<p>Nessas configura\u00e7\u00f5es, o sensor fotoc\u00e9lula consegue distinguir entre dia e noite, garantindo uma opera\u00e7\u00e3o autom\u00e1tica confi\u00e1vel.<\/p>\n\n\n\n<figure class=\"wp-block-image size-large\"><img fetchpriority=\"high\" decoding=\"async\" width=\"1024\" height=\"682\" src=\"http:\/\/leaditop.com\/wp-content\/uploads\/2025\/07\/park-light-1024x682.jpg\" alt=\"\" class=\"wp-image-4276\" srcset=\"https:\/\/leaditop.com\/wp-content\/uploads\/2025\/07\/park-light-1024x682.jpg 1024w, https:\/\/leaditop.com\/wp-content\/uploads\/2025\/07\/park-light-300x200.jpg 300w, https:\/\/leaditop.com\/wp-content\/uploads\/2025\/07\/park-light-768x512.jpg 768w, https:\/\/leaditop.com\/wp-content\/uploads\/2025\/07\/park-light-18x12.jpg 18w, https:\/\/leaditop.com\/wp-content\/uploads\/2025\/07\/park-light-600x400.jpg 600w, https:\/\/leaditop.com\/wp-content\/uploads\/2025\/07\/park-light.jpg 1429w\" sizes=\"(max-width: 1024px) 100vw, 1024px\" \/><\/figure>\n\n\n\n<h2 class=\"wp-block-heading\"><strong>Quando pode n\u00e3o funcionar bem em ambientes fechados<\/strong><\/h2>\n\n\n\n<p>Embora a facilidade de uso das l\u00e2mpadas do anoitecer ao amanhecer seja ineg\u00e1vel, algumas condi\u00e7\u00f5es internas podem impedir que elas funcionem conforme o esperado. Abaixo est\u00e3o alguns desafios comuns que podem resultar em mau funcionamento ou baixo desempenho.<\/p>\n\n\n\n<h3 class=\"wp-block-heading\">Luz ambiente constante<\/h3>\n\n\n\n<p>Se voc\u00ea instalar uma l\u00e2mpada crepuscular em um ambiente com ilumina\u00e7\u00e3o cont\u00ednua, como uma sala de estar com ilumina\u00e7\u00e3o embutida ou um sagu\u00e3o comercial com ilumina\u00e7\u00e3o 24 horas por dia, 7 dias por semana, a fotoc\u00e9lula da l\u00e2mpada nunca detectar\u00e1 a escurid\u00e3o. A l\u00e2mpada pode nunca ligar, anulando sua fun\u00e7\u00e3o.<\/p>\n\n\n\n<p>Da mesma forma, c\u00f4modos com vazamento de luz de lumin\u00e1rias pr\u00f3ximas ou postes de luz atrav\u00e9s de janelas podem confundir o sensor, fazendo com que ele fique desligado ou ligue irregularmente.<\/p>\n\n\n\n<h3 class=\"wp-block-heading\">Lumin\u00e1rias embutidas ou embutidas<\/h3>\n\n\n\n<p>Lumin\u00e1rias fechadas bloqueiam ou limitam a capacidade da fotoc\u00e9lula de detectar mudan\u00e7as na luz ambiente. Pior ainda, elas ret\u00eam o calor gerado tanto pela l\u00e2mpada quanto por seus componentes eletr\u00f4nicos internos. Isso pode levar a:<\/p>\n\n\n\n<ul class=\"wp-block-list\">\n<li>Superaquecimento<\/li>\n\n\n\n<li>Vida \u00fatil da l\u00e2mpada reduzida<\/li>\n\n\n\n<li>Falha prematura do controlador de luz inteligente<\/li>\n<\/ul>\n\n\n\n<p>\u00c9 por isso que l\u00e2mpadas que iluminam do anoitecer ao amanhecer n\u00e3o s\u00e3o recomendadas para lumin\u00e1rias internas cobertas, como lumin\u00e1rias embutidas ou suportes de teto totalmente cobertos.<\/p>\n\n\n\n<h3 class=\"wp-block-heading\">Conflitos de controle e interruptor inteligente<\/h3>\n\n\n\n<p>As l\u00e2mpadas do anoitecer ao amanhecer dependem de seu pr\u00f3prio controlador de luz inteligente interno para operar. Quando combinadas com dispositivos inteligentes externos, como dimmers, sensores de movimento ou interruptores controlados por aplicativo, o resultado pode ser <strong>eu<\/strong>Interfer\u00eancia. A l\u00f3gica da fotoc\u00e9lula da l\u00e2mpada pode entrar em conflito com os comandos do controle externo, resultando em luzes piscantes ou que n\u00e3o funcionam.<\/p>\n\n\n\n<p>Se o seu espa\u00e7o usa outras formas de ilumina\u00e7\u00e3o ambiente ou controles dom\u00e9sticos inteligentes, \u00e9 melhor escolher um sistema de automa\u00e7\u00e3o do que sobrepor v\u00e1rios sistemas que n\u00e3o foram projetados para funcionar juntos.<\/p>\n\n\n\n<h2 class=\"wp-block-heading\"><a><\/a><strong>Recomenda\u00e7\u00e3o de chumbo-topo<\/strong><strong><\/strong><\/h2>\n\n\n\n<p>No <a href=\"https:\/\/leaditop.com\/pt\/\" target=\"_blank\" rel=\"noreferrer noopener\"><u><mark style=\"background-color:rgba(0, 0, 0, 0)\" class=\"has-inline-color has-vivid-red-color\">Chumbo-Top<\/mark><\/u><\/a>, somos especializados na cria\u00e7\u00e3o de sensores fotoel\u00e9tricos de alta qualidade, controladores de crep\u00fasculo-amanhecer e solu\u00e7\u00f5es de ilumina\u00e7\u00e3o inteligentes para uma ampla gama de ambientes. Com base em anos de experi\u00eancia e no feedback de profissionais de ilumina\u00e7\u00e3o do mundo todo, aqui est\u00e1 o que sugerimos:<\/p>\n\n\n\n<p><strong>Melhores pr\u00e1ticas para aplica\u00e7\u00f5es internas<\/strong><strong><\/strong><\/p>\n\n\n\n<ul class=\"wp-block-list\">\n<li>Use l\u00e2mpadas LED ativadas por movimento ou controladas por temporizador em ambientes internos onde a opera\u00e7\u00e3o do anoitecer ao amanhecer pode n\u00e3o ser confi\u00e1vel<\/li>\n\n\n\n<li>Reserve l\u00e2mpadas do entardecer ao amanhecer para \u00e1reas semi-externas ou de transi\u00e7\u00e3o, onde as mudan\u00e7as de luz ambiente s\u00e3o claras e consistentes. Exemplos incluem:<ul><li>Garagens<\/li><\/ul><ul><li>Corredores ou corredores com acesso por janelas<\/li><\/ul><ul><li>Varandas<\/li><\/ul>\n<ul class=\"wp-block-list\">\n<li>Espa\u00e7os de transi\u00e7\u00e3o internos e externos, como sol\u00e1rios ou passarelas<\/li>\n<\/ul>\n<\/li>\n<\/ul>\n\n\n\n<p>Elas oferecem o melhor dos dois mundos: prote\u00e7\u00e3o contra condi\u00e7\u00f5es clim\u00e1ticas adversas e varia\u00e7\u00e3o de luz natural para que o sensor fotoc\u00e9lula funcione corretamente.<\/p>\n\n\n\n<p><strong>Solu\u00e7\u00f5es de chumbo-topo compat\u00edveis<\/strong><strong><\/strong><\/p>\n\n\n\n<p>Para aqueles que buscam controle de fotoc\u00e9lula personalizado compat\u00edvel com ambientes internos, oferecemos:<\/p>\n\n\n\n<ul class=\"wp-block-list\">\n<li><strong>LT210 (tipo com fio)<\/strong>: Fotoc\u00e9lula de rel\u00e9 compacta e selada, ideal para aplica\u00e7\u00f5es de dispositivos integrados.<\/li>\n\n\n\n<li><strong>LT124 \/ <\/strong><a href=\"https:\/\/leaditop.com\/pt\/product\/interruptor-de-sensor-de-luz-natural-automatico-para-exterior-para-luz-led\/\" target=\"_blank\" rel=\"noreferrer noopener\"><strong><u><strong><mark style=\"background-color:rgba(0, 0, 0, 0)\" class=\"has-inline-color has-vivid-red-color\">LT134<\/mark><\/strong><\/u><\/strong><\/a><strong>&nbsp;(tipo trava girat\u00f3ria)<\/strong>: Projetado para uso com lumin\u00e1rias de soquete NEMA padr\u00e3o, apresentando prote\u00e7\u00e3o contra surtos integrada, detec\u00e7\u00e3o de cruzamento por zero e limites de lux configur\u00e1veis.<\/li>\n<\/ul>\n\n\n<div class=\"wp-block-image\">\n<figure class=\"aligncenter size-full is-resized\"><img decoding=\"async\" width=\"650\" height=\"650\" src=\"http:\/\/leaditop.com\/wp-content\/uploads\/2024\/12\/1.jpg\" alt=\"\" class=\"wp-image-3480\" style=\"width:450px;height:auto\" srcset=\"https:\/\/leaditop.com\/wp-content\/uploads\/2024\/12\/1.jpg 650w, https:\/\/leaditop.com\/wp-content\/uploads\/2024\/12\/1-300x300.jpg 300w, https:\/\/leaditop.com\/wp-content\/uploads\/2024\/12\/1-150x150.jpg 150w, https:\/\/leaditop.com\/wp-content\/uploads\/2024\/12\/1-600x600.jpg 600w, https:\/\/leaditop.com\/wp-content\/uploads\/2024\/12\/1-100x100.jpg 100w\" sizes=\"(max-width: 650px) 100vw, 650px\" \/><\/figure><\/div>\n\n\n<p>Todos os modelos s\u00e3o <a href=\"https:\/\/en.wikipedia.org\/wiki\/UL_(safety_organization)\" target=\"_blank\" rel=\"noreferrer noopener\"><u>Certificado pela UL<\/u><\/a>&nbsp;e configur\u00e1vel de f\u00e1brica para atender \u00e0s suas necessidades espec\u00edficas em ambientes internos ou semi-externos.<\/p>\n\n\n\n<h2 class=\"wp-block-heading\"><a><\/a><strong>Procurando por controle de fotoc\u00e9lula compat\u00edvel para ambientes internos?<\/strong><strong><\/strong><\/h2>\n\n\n\n<p>A Lead-Top \u00e9 especializada em controladores de ilumina\u00e7\u00e3o personalizados para o crep\u00fasculo e o amanhecer, projetados para aplica\u00e7\u00f5es externas e semi-internas. Nossos m\u00f3dulos podem ser adaptados para:<\/p>\n\n\n\n<ul class=\"wp-block-list\">\n<li>Downlights de LED<\/li>\n\n\n\n<li>Pain\u00e9is de luz de corredor<\/li>\n\n\n\n<li>Apliques de parede semi-exteriores<\/li>\n\n\n\n<li>Lumin\u00e1rias operando em faixas de tens\u00e3o de 120 V a 277 V<\/li>\n<\/ul>\n\n\n\n<p>Nossas solu\u00e7\u00f5es s\u00e3o rigorosamente testadas para:<\/p>\n\n\n\n<ul class=\"wp-block-list\">\n<li>Prote\u00e7\u00e3o de entrada (IP66\/IP67)<\/li>\n\n\n\n<li>Resist\u00eancia a surtos (at\u00e9 20 kV)<\/li>\n\n\n\n<li>Estabilidade UV<\/li>\n\n\n\n<li>N\u00e9voa salina e desempenho de envelhecimento<\/li>\n<\/ul>\n\n\n\n<p>Embora l\u00e2mpadas do crep\u00fasculo ao amanhecer possam ser uma adi\u00e7\u00e3o adequada aos esquemas de ilumina\u00e7\u00e3o interna, o sucesso depende do posicionamento adequado e das condi\u00e7\u00f5es ambientais certas. Na maioria das casas e interiores comerciais, essas l\u00e2mpadas t\u00eam melhor desempenho em \u00e1reas onde:<\/p>\n\n\n\n<ul class=\"wp-block-list\">\n<li>As mudan\u00e7as na luz ambiente natural s\u00e3o claras e consistentes<\/li>\n\n\n\n<li>As lumin\u00e1rias s\u00e3o abertas e ventiladas<\/li>\n\n\n\n<li>Outros dispositivos inteligentes ou controladores n\u00e3o entrar\u00e3o em conflito<\/li>\n<\/ul>\n\n\n\n<p>Para uma ilumina\u00e7\u00e3o interna automatizada realmente confi\u00e1vel, considere alternativas como sensores de movimento, temporizadores ou sistemas inteligentes centralizados que sejam mais adequados a ambientes internos complexos.<\/p>\n\n\n\n<p>Onde os sensores fotoel\u00e9tricos do crep\u00fasculo ao amanhecer realmente se destacam \u00e9 em espa\u00e7os externos e semiexternos, onde os modelos avan\u00e7ados da Lead-Top oferecem desempenho, seguran\u00e7a e economia de energia comprovados. Como especialistas em controladores de luz inteligentes, estamos aqui para ajudar voc\u00ea a selecionar a melhor solu\u00e7\u00e3o para qualquer aplica\u00e7\u00e3o, interna ou externa.<\/p>\n\n\n\n<h2 class=\"wp-block-heading\"><strong>Precisar de ajuda<\/strong><strong><\/strong><\/h2>\n\n\n\n<p><em>Precisa de ajuda para selecionar o controlador ou l\u00e2mpada de anoitecer\/amanhecer certo para seu projeto interno ou externo?<\/em><em><\/em><\/p>\n\n\n\n<p>Entre em contato com a equipe da Lead-Top hoje mesmo para obter consultoria profissional e solu\u00e7\u00f5es personalizadas que garantem um controle de ilumina\u00e7\u00e3o confi\u00e1vel e com efici\u00eancia energ\u00e9tica.<\/p>\n\n\n\n<p>Visita: <a href=\"https:\/\/leaditop.com\/pt\/\" target=\"_blank\" rel=\"noreferrer noopener\"><u><mark style=\"background-color:rgba(0, 0, 0, 0)\" class=\"has-inline-color has-vivid-red-color\">www.leaditop.com<\/mark><\/u><\/a><\/p>\n\n\n\n<p><strong>Refer\u00eancias<\/strong><strong><\/strong><\/p>\n\n\n\n<ul class=\"wp-block-list\">\n<li><a href=\"https:\/\/leaditop.com\/pt\/product\/sensor-fotoeletrico-aprovado-pela-ul-luz-fotocelula-do-anoitecer-ao-amanhecer\/\" target=\"_blank\" rel=\"noreferrer noopener\"><u>https:\/\/leaditop.com\/product\/ul-approved-photoelectric-sensor-dusk-to-dawn-photocell-light\/<\/u><\/a><\/li>\n\n\n\n<li><a href=\"https:\/\/leaditop.com\/pt\/\" target=\"_blank\" rel=\"noreferrer noopener\"><u>https:\/\/leaditop.com\/<\/u><\/a><\/li>\n\n\n\n<li><a href=\"https:\/\/leaditop.com\/pt\/product\/interruptor-de-sensor-de-luz-natural-automatico-para-exterior-para-luz-led\/\" target=\"_blank\" rel=\"noreferrer noopener\"><u>https:\/\/leaditop.com\/product\/outdoor-automatic-daylight-sensor-switch-for-led-light\/<\/u><\/a><\/li>\n\n\n\n<li><a href=\"https:\/\/en.wikipedia.org\/wiki\/UL_(safety_organization)\" target=\"_blank\" rel=\"noreferrer noopener\">https:\/\/en.wikipedia.org\/wiki\/UL_(safety_organization)<\/a><\/li>\n<\/ul>\n\n\n\n<p><\/p>","protected":false},"excerpt":{"rendered":"<p>As more homeowners and facility managers embrace automated lighting, dusk-to-dawn bulbs, designed to turn on at night and off at sunrise are becoming a popular choice. But is it safe or practical to use them indoors? The short answer is: Yes, but with conditions.&nbsp;When installed in the right environment, dusk-to-dawn bulbs can safely enhance indoor [&hellip;]<\/p>\n","protected":false},"author":1,"featured_media":4276,"comment_status":"open","ping_status":"open","sticky":false,"template":"","format":"standard","meta":{"_seopress_robots_primary_cat":"none","_seopress_titles_title":"","_seopress_titles_desc":"","_seopress_robots_index":"","footnotes":""},"categories":[1,185],"tags":[],"class_list":["post-4273","post","type-post","status-publish","format-standard","has-post-thumbnail","hentry","category-blog","category-knowledge"],"_links":{"self":[{"href":"https:\/\/leaditop.com\/pt\/wp-json\/wp\/v2\/posts\/4273","targetHints":{"allow":["GET"]}}],"collection":[{"href":"https:\/\/leaditop.com\/pt\/wp-json\/wp\/v2\/posts"}],"about":[{"href":"https:\/\/leaditop.com\/pt\/wp-json\/wp\/v2\/types\/post"}],"author":[{"embeddable":true,"href":"https:\/\/leaditop.com\/pt\/wp-json\/wp\/v2\/users\/1"}],"replies":[{"embeddable":true,"href":"https:\/\/leaditop.com\/pt\/wp-json\/wp\/v2\/comments?post=4273"}],"version-history":[{"count":4,"href":"https:\/\/leaditop.com\/pt\/wp-json\/wp\/v2\/posts\/4273\/revisions"}],"predecessor-version":[{"id":5502,"href":"https:\/\/leaditop.com\/pt\/wp-json\/wp\/v2\/posts\/4273\/revisions\/5502"}],"wp:featuredmedia":[{"embeddable":true,"href":"https:\/\/leaditop.com\/pt\/wp-json\/wp\/v2\/media\/4276"}],"wp:attachment":[{"href":"https:\/\/leaditop.com\/pt\/wp-json\/wp\/v2\/media?parent=4273"}],"wp:term":[{"taxonomy":"category","embeddable":true,"href":"https:\/\/leaditop.com\/pt\/wp-json\/wp\/v2\/categories?post=4273"},{"taxonomy":"post_tag","embeddable":true,"href":"https:\/\/leaditop.com\/pt\/wp-json\/wp\/v2\/tags?post=4273"}],"curies":[{"name":"wp","href":"https:\/\/api.w.org\/{rel}","templated":true}]}}