{"id":2143,"date":"2024-03-22T10:44:26","date_gmt":"2024-03-22T02:44:26","guid":{"rendered":"https:\/\/leaditop.com\/?p=2143"},"modified":"2024-03-22T11:00:15","modified_gmt":"2024-03-22T03:00:15","slug":"onde-fica-a-fotocelula-nas-luminarias-externas","status":"publish","type":"post","link":"https:\/\/leaditop.com\/pt_pt\/where-is-the-photocell-in-outdoor-lights\/","title":{"rendered":"Onde fica a fotoc\u00e9lula nas lumin\u00e1rias externas?"},"content":{"rendered":"<h2 class=\"wp-block-heading\"><strong>Introdu\u00e7\u00e3o<\/strong><strong><\/strong><\/h2>\n\n\n\n<p>Na sociedade atual, a ilumina\u00e7\u00e3o externa est\u00e1 gradualmente entrando em uma era mais inteligente e automatizada. Nessa tend\u00eancia, <a href=\"https:\/\/leaditop.com\/pt_pt\/product-category\/product\/\" data-type=\"link\" data-id=\"https:\/\/leaditop.com\/product-category\/product\/\" target=\"_blank\" rel=\"noreferrer noopener\"><mark style=\"background-color:rgba(0, 0, 0, 0)\" class=\"has-inline-color has-vivid-red-color\">fotoc\u00e9lulas<\/mark><\/a> As fotoc\u00e9lulas desempenham um papel crucial como tecnologia-chave, aumentando significativamente a efici\u00eancia da ilumina\u00e7\u00e3o externa e conferindo-lhes caracter\u00edsticas mais econ\u00f4micas e ecol\u00f3gicas. Este artigo tem como objetivo explorar os diferentes tipos de fotoc\u00e9lulas utilizadas na ilumina\u00e7\u00e3o externa, sua ampla gama de aplica\u00e7\u00f5es e m\u00e9todos de instala\u00e7\u00e3o em lumin\u00e1rias, fornecendo uma vis\u00e3o abrangente do papel fundamental das fotoc\u00e9lulas no setor de ilumina\u00e7\u00e3o externa.<\/p>\n\n\n\n<h2 class=\"wp-block-heading\"><strong>Defini\u00e7\u00e3o e fun\u00e7\u00e3o<\/strong><strong><\/strong><\/h2>\n\n\n\n<p>As fotoc\u00e9lulas, tamb\u00e9m conhecidas como sensores de luz, s\u00e3o dispositivos capazes de detectar a intensidade da luz ambiente e responder de acordo. Em lumin\u00e1rias externas, a principal fun\u00e7\u00e3o das fotoc\u00e9lulas \u00e9 controlar automaticamente o acionamento da lumin\u00e1ria com base nas mudan\u00e7as da luz ambiente, permitindo que o sistema de ilumina\u00e7\u00e3o gerencie as condi\u00e7\u00f5es de luminosidade de forma inteligente.<\/p>\n\n\n\n<h2 class=\"wp-block-heading\"><strong>Aplica\u00e7\u00f5es, Tipos, Instala\u00e7\u00e3o<\/strong><strong>&nbsp;<\/strong><strong>M\u00e9todos e vantagens<\/strong><strong><\/strong><\/h2>\n\n\n\n<h3 class=\"wp-block-heading\"><strong>Ilumina\u00e7\u00e3o p\u00fablica<\/strong><\/h3>\n\n\n\n<p>Tipos de fotoc\u00e9lulas: Principalmente fotoc\u00e9lulas com trava girat\u00f3ria.<\/p>\n\n\n\n<p>Cen\u00e1rios de instala\u00e7\u00e3o: Ilumina\u00e7\u00e3o de espa\u00e7os p\u00fablicos, ilumina\u00e7\u00e3o de instala\u00e7\u00f5es esportivas, pontes, estacionamentos, aeroportos.<\/p>\n\n\n\n<p>M\u00e9todos e locais de instala\u00e7\u00e3o:<\/p>\n\n\n\n<p>&nbsp;&nbsp;&nbsp;&nbsp;&nbsp;\u2013 M\u00e9todos de instala\u00e7\u00e3o:<\/p>\n\n\n\n<ol class=\"wp-block-list\" type=\"1\">\n<li>Instalado diretamente acima da lumin\u00e1ria.<\/li>\n\n\n\n<li>Instalado em postes de ilumina\u00e7\u00e3o, bra\u00e7os, etc.<\/li>\n<\/ol>\n\n\n\n<p>&nbsp;&nbsp;&nbsp;&nbsp;&nbsp;\u2013 Locais de instala\u00e7\u00e3o: Normalmente localizados na parte superior ou lateral da lumin\u00e1ria para captar totalmente a luz ambiente circundante.<\/p>\n\n\n<div class=\"wp-block-image\">\n<figure class=\"aligncenter size-large is-resized\"><img fetchpriority=\"high\" decoding=\"async\" width=\"1024\" height=\"392\" src=\"https:\/\/leaditop.com\/wp-content\/uploads\/2024\/03\/1-1024x392.png\" alt=\"\" class=\"wp-image-2146\" style=\"aspect-ratio:2.6122448979591835;width:840px;height:auto\" srcset=\"https:\/\/leaditop.com\/wp-content\/uploads\/2024\/03\/1-1024x392.png 1024w, https:\/\/leaditop.com\/wp-content\/uploads\/2024\/03\/1-300x115.png 300w, https:\/\/leaditop.com\/wp-content\/uploads\/2024\/03\/1-768x294.png 768w, https:\/\/leaditop.com\/wp-content\/uploads\/2024\/03\/1-600x230.png 600w, https:\/\/leaditop.com\/wp-content\/uploads\/2024\/03\/1.png 1199w\" sizes=\"(max-width: 1024px) 100vw, 1024px\" \/><\/figure><\/div>\n\n\n<h3 class=\"wp-block-heading\"><strong>Luzes de jardim<\/strong><\/h3>\n\n\n\n<p>Tipos de produtos de fotoc\u00e9lulas: (<a rel=\"noreferrer noopener\" href=\"https:\/\/leaditop.com\/pt_pt\/product-category\/product\/controladores-de-fio\/\" data-type=\"link\" data-id=\"https:\/\/leaditop.com\/product-category\/product\/wire-in-controllers\/\" target=\"_blank\"><mark style=\"background-color:rgba(0, 0, 0, 0)\" class=\"has-inline-color has-vivid-red-color\">Com fio<\/mark><\/a> &amp; <a rel=\"noreferrer noopener\" href=\"https:\/\/leaditop.com\/pt_pt\/product-category\/product\/fotocontroladores-de-trava-giratoria\/\" data-type=\"link\" data-id=\"https:\/\/leaditop.com\/product-category\/product\/twist-lock-photocontrollers\/\" target=\"_blank\"><mark style=\"background-color:rgba(0, 0, 0, 0)\" class=\"has-inline-color has-vivid-red-color\">Fotoc\u00e9lulas com trava girat\u00f3ria<\/mark><\/a>)<\/p>\n\n\n\n<p>Cen\u00e1rios de instala\u00e7\u00e3o: Refletores externos para uso residencial, como postes de ilumina\u00e7\u00e3o em jardins, fazendas, galinheiros, pomares, celeiros, etc.<\/p>\n\n\n\n<p>M\u00e9todos e locais de instala\u00e7\u00e3o:<\/p>\n\n\n\n<p>&nbsp;&nbsp;&nbsp;&nbsp;&nbsp;\u2013 M\u00e9todos de instala\u00e7\u00e3o:<\/p>\n\n\n\n<ol class=\"wp-block-list\" type=\"1\">\n<li>Instalado diretamente acima da lumin\u00e1ria.<\/li>\n\n\n\n<li>Instala\u00e7\u00e3o assistida em acess\u00f3rios de lumin\u00e1rias, como suportes ou bra\u00e7adeiras, ou cen\u00e1rios adequados para fotoc\u00e9lulas.<\/li>\n<\/ol>\n\n\n\n<p>&nbsp;&nbsp;&nbsp;&nbsp;&nbsp;\u2013 Locais de instala\u00e7\u00e3o: As fotoc\u00e9lulas geralmente s\u00e3o embutidas no poste ou na base das lumin\u00e1rias de jardim, ou acima da caixa da l\u00e2mpada.<\/p>\n\n\n<div class=\"wp-block-image\">\n<figure class=\"aligncenter size-large is-resized\"><img decoding=\"async\" width=\"1024\" height=\"501\" src=\"https:\/\/leaditop.com\/wp-content\/uploads\/2024\/03\/2-1024x501.png\" alt=\"\" class=\"wp-image-2148\" style=\"aspect-ratio:2.0439121756487024;width:713px;height:auto\" srcset=\"https:\/\/leaditop.com\/wp-content\/uploads\/2024\/03\/2-1024x501.png 1024w, https:\/\/leaditop.com\/wp-content\/uploads\/2024\/03\/2-300x147.png 300w, https:\/\/leaditop.com\/wp-content\/uploads\/2024\/03\/2-768x376.png 768w, https:\/\/leaditop.com\/wp-content\/uploads\/2024\/03\/2-600x294.png 600w, https:\/\/leaditop.com\/wp-content\/uploads\/2024\/03\/2.png 1160w\" sizes=\"(max-width: 1024px) 100vw, 1024px\" \/><\/figure><\/div>\n\n\n<h3 class=\"wp-block-heading\"><strong>Lumin\u00e1rias de parede<\/strong><\/h3>\n\n\n\n<p>Tipos de fotoc\u00e9lulas: Fotoc\u00e9lulas com fio<\/p>\n\n\n\n<p>Tipos comuns de lumin\u00e1rias: Refletores, arandelas, lumin\u00e1rias de parede com ilumina\u00e7\u00e3o ascendente e descendente, etc.<\/p>\n\n\n\n<p>M\u00e9todos e locais de instala\u00e7\u00e3o:<\/p>\n\n\n\n<ol class=\"wp-block-list\" type=\"1\">\n<li>Instalado diretamente acima da lumin\u00e1ria, abrindo-se um orif\u00edcio acima da lumin\u00e1ria para instalar a fotoc\u00e9lula internamente.<\/li>\n\n\n\n<li>Instala\u00e7\u00e3o assistida com suportes ou grampos pr\u00f3ximos \u00e0 lumin\u00e1ria, principalmente para lumin\u00e1rias de pequeno porte ou lumin\u00e1rias externas com furos de dif\u00edcil acesso.<\/li>\n<\/ol>\n\n\n<div class=\"wp-block-image\">\n<figure class=\"aligncenter size-large is-resized\"><img decoding=\"async\" width=\"1024\" height=\"494\" src=\"https:\/\/leaditop.com\/wp-content\/uploads\/2024\/03\/3-1024x494.png\" alt=\"\" class=\"wp-image-2147\" style=\"aspect-ratio:2.0728744939271255;width:705px;height:auto\" srcset=\"https:\/\/leaditop.com\/wp-content\/uploads\/2024\/03\/3-1024x494.png 1024w, https:\/\/leaditop.com\/wp-content\/uploads\/2024\/03\/3-300x145.png 300w, https:\/\/leaditop.com\/wp-content\/uploads\/2024\/03\/3-768x371.png 768w, https:\/\/leaditop.com\/wp-content\/uploads\/2024\/03\/3-600x290.png 600w, https:\/\/leaditop.com\/wp-content\/uploads\/2024\/03\/3.png 1260w\" sizes=\"(max-width: 1024px) 100vw, 1024px\" \/><\/figure><\/div>\n\n\n<h3 class=\"wp-block-heading\"><strong>Luzes de varanda<\/strong><\/h3>\n\n\n\n<p>Tipos de produtos de fotoc\u00e9lulas: Fotoc\u00e9lulas com fio e <a href=\"https:\/\/leaditop.com\/pt_pt\/product-category\/product\/controladores-de-suporte-de-lampada\/\" data-type=\"link\" data-id=\"https:\/\/leaditop.com\/product-category\/product\/bulb-holder-controllers\/\"><mark style=\"background-color:rgba(0, 0, 0, 0)\" class=\"has-inline-color has-vivid-red-color\">fotoc\u00e9lulas da cabe\u00e7a da l\u00e2mpada<\/mark><\/a><\/p>\n\n\n\n<p>Tipos comuns de lumin\u00e1rias: l\u00e2mpadas LED, l\u00e2mpadas incandescentes, l\u00e2mpadas fluorescentes, l\u00e2mpadas hal\u00f3genas, l\u00e2mpadas de s\u00f3dio de alta press\u00e3o, l\u00e2mpadas de iodetos met\u00e1licos, etc.<\/p>\n\n\n\n<p>M\u00e9todos e locais de instala\u00e7\u00e3o:<\/p>\n\n\n\n<p>&nbsp;&nbsp;&nbsp;&nbsp;&nbsp;\u2013 Fotoc\u00e9lulas da cabe\u00e7a da l\u00e2mpada: <\/p>\n\n\n\n<ol class=\"wp-block-list\">\n<li>Trava girat\u00f3ria &nbsp;<\/li>\n\n\n\n<li>Fotoc\u00e9lulas com bot\u00e3o de press\u00e3o e mola<\/li>\n<\/ol>\n\n\n\n<p>&nbsp;&nbsp;&nbsp;&nbsp;&nbsp;\u2013 Fotoc\u00e9lulas com fio: 1. Instaladas de forma fixa na borda da parede com placas de alum\u00ednio.<\/p>\n\n\n<div class=\"wp-block-image\">\n<figure class=\"aligncenter size-large is-resized\"><img loading=\"lazy\" decoding=\"async\" width=\"1024\" height=\"515\" src=\"https:\/\/leaditop.com\/wp-content\/uploads\/2024\/03\/4-1024x515.png\" alt=\"\" class=\"wp-image-2149\" style=\"aspect-ratio:1.9883495145631067;width:709px;height:auto\" srcset=\"https:\/\/leaditop.com\/wp-content\/uploads\/2024\/03\/4-1024x515.png 1024w, https:\/\/leaditop.com\/wp-content\/uploads\/2024\/03\/4-300x151.png 300w, https:\/\/leaditop.com\/wp-content\/uploads\/2024\/03\/4-768x386.png 768w, https:\/\/leaditop.com\/wp-content\/uploads\/2024\/03\/4-600x302.png 600w, https:\/\/leaditop.com\/wp-content\/uploads\/2024\/03\/4.png 1244w\" sizes=\"(max-width: 1024px) 100vw, 1024px\" \/><\/figure><\/div>\n\n\n<h3 class=\"wp-block-heading\"><strong>Luzes de paisagem<\/strong><\/h3>\n\n\n\n<p>Tipos de fotoc\u00e9lulas: Fotoc\u00e9lulas com trava girat\u00f3ria e fotoc\u00e9lulas com fio.<\/p>\n\n\n\n<p>Tipos comuns de lumin\u00e1rias: lumin\u00e1rias de jardim montadas em postes, cord\u00f5es de luz, lumin\u00e1rias de jardim com plugue para instala\u00e7\u00e3o no solo.<\/p>\n\n\n\n<p>M\u00e9todos e locais de instala\u00e7\u00e3o:<\/p>\n\n\n\n<ol class=\"wp-block-list\" type=\"1\">\n<li>Instalado diretamente acima da lumin\u00e1ria, abrindo um orif\u00edcio na mesma.<\/li>\n\n\n\n<li>Instalado na extremidade inicial do cord\u00e3o de luzes.<\/li>\n<\/ol>\n\n\n<div class=\"wp-block-image\">\n<figure class=\"aligncenter size-large is-resized\"><img loading=\"lazy\" decoding=\"async\" width=\"1024\" height=\"617\" src=\"https:\/\/leaditop.com\/wp-content\/uploads\/2024\/03\/5-1024x617.png\" alt=\"\" class=\"wp-image-2151\" style=\"aspect-ratio:1.659643435980551;width:728px;height:auto\" srcset=\"https:\/\/leaditop.com\/wp-content\/uploads\/2024\/03\/5-1024x617.png 1024w, https:\/\/leaditop.com\/wp-content\/uploads\/2024\/03\/5-300x181.png 300w, https:\/\/leaditop.com\/wp-content\/uploads\/2024\/03\/5-768x462.png 768w, https:\/\/leaditop.com\/wp-content\/uploads\/2024\/03\/5-600x361.png 600w, https:\/\/leaditop.com\/wp-content\/uploads\/2024\/03\/5.png 1352w\" sizes=\"(max-width: 1024px) 100vw, 1024px\" \/><\/figure><\/div>\n\n\n<h3 class=\"wp-block-heading\"><strong>Pain\u00e9is luminosos para publicidade<\/strong><\/h3>\n\n\n\n<p>Tipos de fotoc\u00e9lulas: principalmente fotoc\u00e9lulas com fio e fotoc\u00e9lulas com trava girat\u00f3ria.<\/p>\n\n\n\n<p>M\u00e9todos e locais de instala\u00e7\u00e3o:<\/p>\n\n\n\n<ol class=\"wp-block-list\" type=\"1\">\n<li>Perfura\u00e7\u00e3o direta, instala\u00e7\u00e3o sobre a caixa de luz.<\/li>\n\n\n\n<li>Instalado em grades ou locais pr\u00f3ximos com outros suportes.<\/li>\n\n\n\n<li>Utilizando placas de alum\u00ednio, instale a fotoc\u00e9lula na varanda para os letreiros luminosos pendurados na varanda.<\/li>\n<\/ol>\n\n\n<div class=\"wp-block-image\">\n<figure class=\"aligncenter size-full is-resized\"><img loading=\"lazy\" decoding=\"async\" width=\"685\" height=\"679\" src=\"https:\/\/leaditop.com\/wp-content\/uploads\/2024\/03\/6.png\" alt=\"\" class=\"wp-image-2152\" style=\"aspect-ratio:1.0088365243004418;width:457px;height:auto\" srcset=\"https:\/\/leaditop.com\/wp-content\/uploads\/2024\/03\/6.png 685w, https:\/\/leaditop.com\/wp-content\/uploads\/2024\/03\/6-300x297.png 300w, https:\/\/leaditop.com\/wp-content\/uploads\/2024\/03\/6-150x150.png 150w, https:\/\/leaditop.com\/wp-content\/uploads\/2024\/03\/6-600x595.png 600w, https:\/\/leaditop.com\/wp-content\/uploads\/2024\/03\/6-100x100.png 100w\" sizes=\"(max-width: 685px) 100vw, 685px\" \/><\/figure><\/div>\n\n\n<h2 class=\"wp-block-heading\"><strong>Vantagens:<\/strong><strong><\/strong><\/h2>\n\n\n\n<h3 class=\"wp-block-heading\"><strong>Economia de energia e respeito ao meio ambiente:<\/strong><\/h3>\n\n\n\n<p>As fotoc\u00e9lulas podem controlar de forma inteligente os interruptores das lumin\u00e1rias com base nas mudan\u00e7as na luz ambiente, desligando-as automaticamente durante o dia ou em condi\u00e7\u00f5es de luminosidade suficiente, economizando energia. Esse ajuste autom\u00e1tico reduz significativamente o consumo de energia e \u00e9 mais ecol\u00f3gico.<\/p>\n\n\n\n<h3 class=\"wp-block-heading\"><strong>Vida \u00fatil prolongada das lumin\u00e1rias:<\/strong><\/h3>\n\n\n\n<p>O controle inteligente por fotoc\u00e9lulas pode evitar o uso desnecess\u00e1rio de lumin\u00e1rias, reduzindo seu tempo de opera\u00e7\u00e3o e, consequentemente, prolongando sua vida \u00fatil. Isso ajuda a diminuir a frequ\u00eancia de substitui\u00e7\u00e3o e os custos de manuten\u00e7\u00e3o das lumin\u00e1rias.<\/p>\n\n\n\n<h3 class=\"wp-block-heading\"><strong>Gest\u00e3o automatizada:<\/strong><\/h3>\n\n\n\n<p>As fotoc\u00e9lulas permitem a gest\u00e3o automatizada da ilumina\u00e7\u00e3o p\u00fablica sem necessidade de interven\u00e7\u00e3o manual. Elas ajustam automaticamente a ilumina\u00e7\u00e3o ao nascer e ao p\u00f4r do sol sem opera\u00e7\u00e3o humana, melhorando a efici\u00eancia da gest\u00e3o da ilumina\u00e7\u00e3o p\u00fablica.<\/p>\n\n\n\n<h3 class=\"wp-block-heading\"><strong>Seguran\u00e7a social:<\/strong><\/h3>\n\n\n\n<p>As fotoc\u00e9lulas garantem que as lumin\u00e1rias externas se acendam automaticamente durante a noite ou em condi\u00e7\u00f5es de baixa luminosidade, aumentando a seguran\u00e7a vi\u00e1ria e da comunidade. Isso impacta positivamente na redu\u00e7\u00e3o de acidentes noturnos e na preven\u00e7\u00e3o de crimes.<\/p>\n\n\n\n<h3 class=\"wp-block-heading\"><strong>Atender \u00e0s necessidades de ilumina\u00e7\u00e3o:<\/strong><\/h3>\n\n\n\n<p>As fotoc\u00e9lulas permitem o controle autom\u00e1tico da intensidade da luz em lumin\u00e1rias externas, com base em diferentes n\u00edveis de luminosidade. Elas aumentam o brilho em ambientes mais escuros e o reduzem moderadamente em ambientes mais claros, para melhor atender \u00e0s necessidades de ilumina\u00e7\u00e3o em diferentes momentos.<\/p>\n\n\n\n<h3 class=\"wp-block-heading\"><strong>Redu\u00e7\u00e3o dos custos de manuten\u00e7\u00e3o:<\/strong><\/h3>\n\n\n\n<p>As fun\u00e7\u00f5es de automa\u00e7\u00e3o e monitoramento remoto das fotoc\u00e9lulas reduzem o trabalho di\u00e1rio.<strong>&nbsp;<\/strong>custos de manuten\u00e7\u00e3o de lumin\u00e1rias externas. Isso n\u00e3o s\u00f3 reduz a necessidade de opera\u00e7\u00f5es manuais, como tamb\u00e9m permite a detec\u00e7\u00e3o e resolu\u00e7\u00e3o oportuna de problemas por meio de monitoramento remoto.<\/p>\n\n\n\n<p>Em conclus\u00e3o, com a instala\u00e7\u00e3o de fotoc\u00e9lulas, as lumin\u00e1rias externas podem alcan\u00e7ar uma gest\u00e3o de ilumina\u00e7\u00e3o mais inteligente e eficiente, trazendo m\u00faltiplas vantagens como economia de energia, prote\u00e7\u00e3o ambiental e seguran\u00e7a.<\/p>\n\n\n\n<h2 class=\"wp-block-heading\"><strong>Inova\u00e7\u00e3o Tecnol\u00f3gica e Tend\u00eancias Futuras<\/strong><strong><\/strong><\/h2>\n\n\n\n<h3 class=\"wp-block-heading\"><strong>Tend\u00eancia de Smartiza\u00e7\u00e3o:<\/strong><\/h3>\n\n\n\n<ul class=\"wp-block-list\">\n<li>Expans\u00e3o das aplica\u00e7\u00f5es da IoT:<\/li>\n<\/ul>\n\n\n\n<p>Com o r\u00e1pido desenvolvimento da Internet das Coisas (<strong><a href=\"https:\/\/en.wikipedia.org\/wiki\/Internet_of_things\" data-type=\"link\" data-id=\"https:\/\/en.wikipedia.org\/wiki\/Internet_of_things\">I<\/a><a href=\"https:\/\/en.wikipedia.org\/wiki\/Internet_of_things\" data-type=\"link\" data-id=\"https:\/\/en.wikipedia.org\/wiki\/Internet_of_things\" target=\"_blank\" rel=\"noreferrer noopener\">oT<\/a><\/strong>As lumin\u00e1rias externas n\u00e3o s\u00e3o apenas dispositivos de ilumina\u00e7\u00e3o, mas tamb\u00e9m podem se tornar parte da infraestrutura de cidades inteligentes. A integra\u00e7\u00e3o da tecnologia IoT permite que as lumin\u00e1rias externas coletem, analisem e apliquem dados de forma mais abrangente, fornecendo \u00e0s cidades servi\u00e7os mais inteligentes e eficientes.<\/p>\n\n\n\n<ul class=\"wp-block-list\">\n<li><a rel=\"noreferrer noopener\" href=\"https:\/\/en.wikipedia.org\/wiki\/Smart_city\" data-type=\"link\" data-id=\"https:\/\/en.wikipedia.org\/wiki\/Smart_city\" target=\"_blank\"><strong>Cidade Inteligente<\/strong><\/a> Ecossistema:<\/li>\n<\/ul>\n\n\n\n<p>A integra\u00e7\u00e3o de lumin\u00e1rias externas em sistemas inteligentes torna-se parte integrante da constru\u00e7\u00e3o de ecossistemas de cidades inteligentes. Atrav\u00e9s da conex\u00e3o com outros dispositivos inteligentes na cidade, como sistemas de tr\u00e1fego inteligentes e dispositivos de monitoramento ambiental, as lumin\u00e1rias externas podem responder com mais precis\u00e3o \u00e0s necessidades urbanas, melhorando o n\u00edvel geral de gest\u00e3o da cidade.<\/p>\n\n\n\n<ul class=\"wp-block-list\">\n<li>Gest\u00e3o Inteligente de Energia:<\/li>\n<\/ul>\n\n\n\n<p>Lumin\u00e1rias inteligentes para exteriores podem melhorar a efici\u00eancia energ\u00e9tica atrav\u00e9s do monitoramento e ajuste do consumo de energia em tempo real. O desenvolvimento de tecnologias como o controle adaptativo de ilumina\u00e7\u00e3o, o armazenamento de energia e a integra\u00e7\u00e3o solar permite que as lumin\u00e1rias para exteriores fa\u00e7am parte do uso sustent\u00e1vel de energia, impulsionando as cidades inteligentes rumo a uma maior sustentabilidade.<\/p>\n\n\n\n<h3 class=\"wp-block-heading\"><strong>Aumento da efici\u00eancia:<\/strong><\/h3>\n\n\n\n<div class=\"wp-block-group\"><div class=\"wp-block-group__inner-container is-layout-constrained wp-block-group-is-layout-constrained\">\n<ul class=\"wp-block-list\">\n<li>Tecnologia de convers\u00e3o de energia de alta efici\u00eancia:<\/li>\n<\/ul>\n\n\n\n<p>Os avan\u00e7os cont\u00ednuos na tecnologia de fotoc\u00e9lulas, incluindo tecnologias mais eficientes de convers\u00e3o e armazenamento de energia, aumentam a efici\u00eancia do uso de energia em lumin\u00e1rias externas. Isso significa que as lumin\u00e1rias podem fornecer ilumina\u00e7\u00e3o por per\u00edodos mais longos em condi\u00e7\u00f5es de baixa luminosidade.<\/p>\n\n\n\n<ul class=\"wp-block-list\">\n<li>Controle inteligente de intensidade da luz e temporizador:<\/li>\n<\/ul>\n\n\n\n<p>Tecnologias avan\u00e7adas de otimiza\u00e7\u00e3o da efici\u00eancia incluem fun\u00e7\u00f5es de dimeriza\u00e7\u00e3o inteligente e controle temporizado, que se ajustam em tempo real com base nas condi\u00e7\u00f5es de luz ambiente e nas necessidades reais. Esse controle inteligente n\u00e3o s\u00f3 melhora os efeitos da ilumina\u00e7\u00e3o, como tamb\u00e9m reduz o desperd\u00edcio de energia.<\/p>\n\n\n\n<ul class=\"wp-block-list\">\n<li>Integra\u00e7\u00e3o de fontes de energia sustent\u00e1veis:<\/li>\n<\/ul>\n\n\n\n<p>A integra\u00e7\u00e3o de lumin\u00e1rias externas com fontes de energia renov\u00e1veis (como a energia solar) por meio da tecnologia de fotoc\u00e9lulas permite uma convers\u00e3o mais eficaz da energia solar, fornecendo \u00e0s lumin\u00e1rias externas fontes de energia independentes e sustent\u00e1veis, reduzindo assim a depend\u00eancia da eletricidade tradicional.<\/p>\n\n\n\n<ul class=\"wp-block-list\">\n<li>Normas e certifica\u00e7\u00f5es de efici\u00eancia energ\u00e9tica:<\/li>\n<\/ul>\n\n\n\n<p>Os padr\u00f5es e certifica\u00e7\u00f5es de efici\u00eancia energ\u00e9tica para lumin\u00e1rias externas continuam a aumentar no setor, incentivando os fabricantes a adotarem tecnologias mais eficientes e, assim, impulsionando toda a ind\u00fastria em dire\u00e7\u00e3o a pr\u00e1ticas mais ecol\u00f3gicas e eficientes.<\/p>\n\n\n\n<p>Novas tend\u00eancias de desenvolvimento e inova\u00e7\u00f5es tecnol\u00f3gicas nos campos da intelig\u00eancia artificial e do aumento da efici\u00eancia proporcionam um espa\u00e7o de desenvolvimento mais amplo para o futuro das lumin\u00e1rias para exteriores.<\/p>\n<\/div><\/div>\n\n\n\n<h2 class=\"wp-block-heading\"><strong>Conclus\u00e3o<\/strong><strong><\/strong><\/h2>\n\n\n\n<p>Por meio da an\u00e1lise deste artigo, obtivemos uma compreens\u00e3o abrangente da aplicabilidade das fotoc\u00e9lulas na ilumina\u00e7\u00e3o externa. Entender para quais tipos de lumin\u00e1rias as fotoc\u00e9lulas s\u00e3o adequadas e em quais cen\u00e1rios s\u00e3o mais apropriadas contribuir\u00e1 para alcan\u00e7ar a intelig\u00eancia na ilumina\u00e7\u00e3o externa. Ao selecionar fotoc\u00e9lulas com diferentes funcionalidades de forma flex\u00edvel, podemos personalizar sistemas de ilumina\u00e7\u00e3o que sejam esteticamente agrad\u00e1veis e atendam \u00e0s nossas necessidades individuais. Esses projetos inteligentes n\u00e3o apenas tornam a vida mais conveniente, mas tamb\u00e9m oferecem solu\u00e7\u00f5es vi\u00e1veis para a efici\u00eancia energ\u00e9tica, alcan\u00e7ando um efeito de ilumina\u00e7\u00e3o mais ecol\u00f3gico.<\/p>","protected":false},"excerpt":{"rendered":"<p>Introduction In today&#8217;s society, outdoor lighting is gradually ushering in a more intelligent and automated era. In this trend, photocells play a crucial role as a key technology, significantly enhancing the efficiency of outdoor lights and endowing them with more energy-saving and environmentally friendly characteristics. This article aims to delve into the different types of [&hellip;]<\/p>\n","protected":false},"author":1,"featured_media":2146,"comment_status":"open","ping_status":"open","sticky":false,"template":"","format":"standard","meta":{"_seopress_robots_primary_cat":"none","_seopress_titles_title":"","_seopress_titles_desc":"","_seopress_robots_index":"","footnotes":""},"categories":[1,185,184],"tags":[],"class_list":["post-2143","post","type-post","status-publish","format-standard","has-post-thumbnail","hentry","category-blog","category-knowledge","category-news"],"_links":{"self":[{"href":"https:\/\/leaditop.com\/pt_pt\/wp-json\/wp\/v2\/posts\/2143","targetHints":{"allow":["GET"]}}],"collection":[{"href":"https:\/\/leaditop.com\/pt_pt\/wp-json\/wp\/v2\/posts"}],"about":[{"href":"https:\/\/leaditop.com\/pt_pt\/wp-json\/wp\/v2\/types\/post"}],"author":[{"embeddable":true,"href":"https:\/\/leaditop.com\/pt_pt\/wp-json\/wp\/v2\/users\/1"}],"replies":[{"embeddable":true,"href":"https:\/\/leaditop.com\/pt_pt\/wp-json\/wp\/v2\/comments?post=2143"}],"version-history":[{"count":7,"href":"https:\/\/leaditop.com\/pt_pt\/wp-json\/wp\/v2\/posts\/2143\/revisions"}],"predecessor-version":[{"id":2163,"href":"https:\/\/leaditop.com\/pt_pt\/wp-json\/wp\/v2\/posts\/2143\/revisions\/2163"}],"wp:featuredmedia":[{"embeddable":true,"href":"https:\/\/leaditop.com\/pt_pt\/wp-json\/wp\/v2\/media\/2146"}],"wp:attachment":[{"href":"https:\/\/leaditop.com\/pt_pt\/wp-json\/wp\/v2\/media?parent=2143"}],"wp:term":[{"taxonomy":"category","embeddable":true,"href":"https:\/\/leaditop.com\/pt_pt\/wp-json\/wp\/v2\/categories?post=2143"},{"taxonomy":"post_tag","embeddable":true,"href":"https:\/\/leaditop.com\/pt_pt\/wp-json\/wp\/v2\/tags?post=2143"}],"curies":[{"name":"wp","href":"https:\/\/api.w.org\/{rel}","templated":true}]}}